{"id":5611,"date":"2023-01-14T00:30:08","date_gmt":"2023-01-14T00:30:08","guid":{"rendered":"https:\/\/www.gonzalezchevez.com\/?p=5611"},"modified":"2023-01-14T00:31:43","modified_gmt":"2023-01-14T00:31:43","slug":"actualizacion-del-salario-minimo","status":"publish","type":"post","link":"https:\/\/www.gonzalezchevez.com\/en\/actualizacion-del-salario-minimo\/","title":{"rendered":"Actualizaci\u00f3n del Salario M\u00ednimo"},"content":{"rendered":"<p class=\"wp-block-paragraph\"><strong>\u00bfQu\u00e9 es el salario m\u00ednimo general?<\/strong><br>El salario m\u00ednimo general es la cantidad m\u00ednima a recibir por jornada de trabajo y se actualiza anualmente por la Comisi\u00f3n Nacional de los Salarios M\u00ednimos (CONASAMI), quien tiene como objetivo fundamental, llevar a cabo la fijaci\u00f3n de los salarios m\u00ednimos legales, procurando asegurar en congruencia con las condiciones econ\u00f3micas y sociales del pa\u00eds, que el salario sea suficiente para satisfacer las necesidades normales de un jefe de familia, en el orden material, social, cultural y de educaci\u00f3n, de acuerdo con lo establecido por nuestra Constituci\u00f3n.<\/p>\n\n\n\n<p class=\"wp-block-paragraph\"><br>El pasado 1 de diciembre del presente a\u00f1o, la Comisi\u00f3n Nacional de los Salarios M\u00ednimos dio a conocer la actualizaci\u00f3n del valor del salario m\u00ednimo que entrar\u00e1 en vigor el pr\u00f3ximo 1\u00b0 de enero 2023 registr\u00e1ndose un incremento anual del 20% en comparaci\u00f3n con el del ejercicio 2022, incremento que tiene la finalidad de lograr la recuperaci\u00f3n del poder adquisitivo de los salarios m\u00ednimos.<\/p>\n\n\n\n<p class=\"wp-block-paragraph\"><\/p>\n\n\n\n<figure class=\"wp-block-image\"><img decoding=\"async\" src=\"blob:https:\/\/www.gonzalezchevez.com\/0fa958e8-b0ca-493e-94d6-46de37415797\" alt=\"\"\/><\/figure>\n\n\n\n<p class=\"wp-block-paragraph\"><\/p>\n\n\n\n<p class=\"wp-block-paragraph\">Los salarios m\u00ednimos profesionales tambi\u00e9n recibir\u00e1n un incremento del 20%.<\/p>\n\n\n\n<p class=\"wp-block-paragraph\"><br><strong>\u00bfC\u00f3mo impacta el incremento en el salario m\u00ednimo general?<\/strong><\/p>\n\n\n\n<p class=\"wp-block-paragraph\"><br>El incremento del salario m\u00ednimo general y\/o profesional impacta en la determinaci\u00f3n de algunas prestaciones que pagan las empresas a este grupo determinado de trabajadores, por ejemplo: \u201c16% de vales de despensa\u201d, \u201c13% de<br>fondo de ahorro\u201d \u201c10% de premio de puntualidad y\/o asistencia\u201d, entre otras que se pagan usando como referencia el salario mensual del trabajador; por consecuencia, recomendamos revisar los ajustes a este grupo de trabajadores.<\/p>\n\n\n\n<p class=\"wp-block-paragraph\"><br>Para el caso del pago de la prima de antig\u00fcedad de un trabajador, en los casos de liquidaci\u00f3n o finiquitos cuando as\u00ed corresponda, el salario m\u00ednimo general sirve como referencia del l\u00edmite m\u00e1ximo de pago de prima de antig\u00fcedad por a\u00f1o de servicios que establece el art\u00edculo 162 de la Ley Federal del Trabajo (LFT) consistente en \u201cdoce d\u00edas de salario por cada a\u00f1o de servicios\u201d.<\/p>\n\n\n\n<p class=\"wp-block-paragraph\"><\/p>\n\n\n\n<p class=\"wp-block-paragraph\">Al ser el salario m\u00ednimo general la cantidad m\u00e1s peque\u00f1a que puede recibir un trabajador por su trabajo deber\u00e1 revisarse en la generaci\u00f3n de las n\u00f3minas semanales o quincenales que, el pago de estas no sea inferior a este salario m\u00ednimo general y en su caso tampoco del salario m\u00ednimo profesional que establece la CONASAMI.<\/p>\n\n\n\n<p class=\"wp-block-paragraph\"><br>Invitamos a todos nuestros clientes a revisar esta actualizaci\u00f3n en la configuraci\u00f3n de los sistemas de n\u00f3mina, con la finalidad de evitar errores que representen para las empresas un futuro riesgo fiscal e incluso laboral, por la falta de actualizaci\u00f3n en de salarios en las n\u00f3minas a procesar.<\/p>\n\n\n\n<p class=\"wp-block-paragraph\"><\/p>\n\n\n\n<p class=\"wp-block-paragraph\"><strong>Actualizaci\u00f3n del Valor de la Unidad de Medida- Actualizaci\u00f3n (UMA)<\/strong><\/p>\n\n\n\n<p class=\"wp-block-paragraph\"><\/p>\n\n\n\n<p class=\"wp-block-paragraph\">Hacemos el recordatorio que, en pr\u00f3ximas fechas, el Instituto Nacional de Estad\u00edstica y Geograf\u00eda (INEGI) estar\u00e1 publicando el valor actualizado de la Unidad de Medida y Actualizaci\u00f3n (UMA) que entrar\u00e1 en vigor a partir del 1\u00b0 de febrero.<\/p>\n\n\n\n<p class=\"wp-block-paragraph\"><\/p>\n\n\n\n<ol class=\"wp-block-list\" start=\"2023\">\n<li>Al ser la unidad de cuenta, \u00edndice, base, medida o referencia econ\u00f3mica en pesos para determinar la cuant\u00eda del pago de las obligaciones y supuestos previstos en las Leyes Federales y Estatales, as\u00ed como en las disposiciones jur\u00eddicas que emanen de todas las anteriores, se recomienda actualizar este valor en los sistemas de n\u00f3mina o archivos electr\u00f3nicos de c\u00e1lculo que impacta directamente en la determinaci\u00f3n del salario diario integrado, y en los l\u00edmites de exenci\u00f3n del impuesto sobre la renta de algunas prestaciones.<\/li>\n\n\n\n<li><br><strong>ACTUALIZACI\u00d3N DEL VALOR DE LA UNIDAD MIXTA INFONAVIT (UMI)<\/strong><\/li>\n\n\n\n<li><br>As\u00ed mismo, en los pr\u00f3ximos d\u00edas deber\u00e1 presentarse el c\u00e1lculo y valor de la Unidad Mixta INFONAVIT (UMI), debido a que es la unidad de medida para los cr\u00e9ditos del INFONAVIT denominados en salarios m\u00ednimos se sugiere que, en cuanto esta UMI sea publicada, tambi\u00e9n se actualice el sistema para la aplicaci\u00f3n de la retenci\u00f3n de<br>cr\u00e9ditos de vivienda de los trabajadores que mantienen a la fecha su factor de retenci\u00f3n en veces UMI.<\/li>\n<\/ol>\n\n\n\n<p class=\"wp-block-paragraph\"><br>En Gonz\u00e1lez Chevez ponemos a su disposici\u00f3n a nuestro equipo de especialistas para la revisi\u00f3n y en su caso configuraci\u00f3n de par\u00e1metros en los sistemas de n\u00f3mina, con la finalidad de evitar errores con consecuencias econ\u00f3micas para la empresa.<\/p>","protected":false},"excerpt":{"rendered":"<p>El salario m\u00ednimo general es la cantidad m\u00ednima a recibir por jornada de trabajo y se actualiza anualmente por la Comisi\u00f3n Nacional de los Salarios M\u00ednimos (CONASAMI),<\/p>","protected":false},"author":1,"featured_media":5613,"comment_status":"open","ping_status":"open","sticky":false,"template":"","format":"standard","meta":{"footnotes":""},"categories":[38],"tags":[47,48,52,49],"class_list":["post-5611","post","type-post","status-publish","format-standard","has-post-thumbnail","hentry","category-auditoria","tag-consultores-de-negocios","tag-firma-contable","tag-imss","tag-salario-minimo"],"_links":{"self":[{"href":"https:\/\/www.gonzalezchevez.com\/en\/wp-json\/wp\/v2\/posts\/5611","targetHints":{"allow":["GET"]}}],"collection":[{"href":"https:\/\/www.gonzalezchevez.com\/en\/wp-json\/wp\/v2\/posts"}],"about":[{"href":"https:\/\/www.gonzalezchevez.com\/en\/wp-json\/wp\/v2\/types\/post"}],"author":[{"embeddable":true,"href":"https:\/\/www.gonzalezchevez.com\/en\/wp-json\/wp\/v2\/users\/1"}],"replies":[{"embeddable":true,"href":"https:\/\/www.gonzalezchevez.com\/en\/wp-json\/wp\/v2\/comments?post=5611"}],"version-history":[{"count":0,"href":"https:\/\/www.gonzalezchevez.com\/en\/wp-json\/wp\/v2\/posts\/5611\/revisions"}],"wp:featuredmedia":[{"embeddable":true,"href":"https:\/\/www.gonzalezchevez.com\/en\/wp-json\/wp\/v2\/media\/5613"}],"wp:attachment":[{"href":"https:\/\/www.gonzalezchevez.com\/en\/wp-json\/wp\/v2\/media?parent=5611"}],"wp:term":[{"taxonomy":"category","embeddable":true,"href":"https:\/\/www.gonzalezchevez.com\/en\/wp-json\/wp\/v2\/categories?post=5611"},{"taxonomy":"post_tag","embeddable":true,"href":"https:\/\/www.gonzalezchevez.com\/en\/wp-json\/wp\/v2\/tags?post=5611"}],"curies":[{"name":"wp","href":"https:\/\/api.w.org\/{rel}","templated":true}]}}